{"id":9713,"date":"2026-03-15T12:00:20","date_gmt":"2026-03-15T16:00:20","guid":{"rendered":"https:\/\/blog.ibaia-immobilier.com\/quand-partir-aux-antilles-pour-un-sejour-prestige-le-guide-complet-es\/"},"modified":"2026-03-15T12:00:20","modified_gmt":"2026-03-15T16:00:20","slug":"quand-partir-aux-antilles-pour-un-sejour-prestige-le-guide-complet-es","status":"publish","type":"post","link":"https:\/\/blog.ibaia-immobilier.com\/es\/quand-partir-aux-antilles-pour-un-sejour-prestige-le-guide-complet-es\/","title":{"rendered":"\u00bfCu\u00e1ndo viajar a las Antillas para disfrutar de unas vacaciones de lujo? La gu\u00eda completa"},"content":{"rendered":"<p class=\"my-2 [&amp;+p]:mt-4 [&amp;_strong:has(+br)]:inline-block [&amp;_strong:has(+br)]:pb-2\">La cuesti\u00f3n del <strong>momento<\/strong> <strong>adecuado<\/strong> es una de las m\u00e1s importantes a la hora de planificar un <strong>alquiler vacacional de lujo en las Antillas<\/strong>. Elegir la \u00e9poca adecuada no solo garantiza un clima ideal, sino que tambi\u00e9n permite acceder a la mejor oferta de villas, negociar las mejores tarifas y disfrutar al m\u00e1ximo de la vida local. Cada estaci\u00f3n del a\u00f1o en las Antillas tiene sus ventajas y sus inconvenientes: aqu\u00ed tienes la gu\u00eda completa para tomar la decisi\u00f3n correcta.<\/p>\n<hr class=\"bg-quiet h-px border-0\" \/>\n<h2 id=\"le-calendrier-climatique-des-antilles--ce-quil-fau\" class=\"mb-2 mt-4 [.has-inline-images_&amp;]:clear-end font-editorial font-bold text-lg first:mt-0 md:text-lg [hr+&amp;]:mt-4\">El calendario clim\u00e1tico de las Antillas: lo que hay que saber<\/h2>\n<p class=\"my-2 [&amp;+p]:mt-4 [&amp;_strong:has(+br)]:inline-block [&amp;_strong:has(+br)]:pb-2\">Las Antillas francesas tienen dos estaciones principales:<\/p>\n<h2 id=\"le-carme--la-saison-sche-dcembre--avril\" class=\"mb-2 mt-4 [.has-inline-images_&amp;]:clear-end font-editorial font-bold text-base first:mt-0\">La Cuaresma: la estaci\u00f3n seca (de diciembre a abril)<\/h2>\n<p class=\"my-2 [&amp;+p]:mt-4 [&amp;_strong:has(+br)]:inline-block [&amp;_strong:has(+br)]:pb-2\">La <strong>Cuaresma<\/strong> es la temporada tur\u00edstica, y con raz\u00f3n: es el periodo m\u00e1s agradable del a\u00f1o. Cielo azul casi permanente, humedad controlada, temperaturas entre 26 y 30 \u00b0C, alisios refrescantes. El mar est\u00e1 en calma, las playas lucen en todo su esplendor. Es la <strong>temporada alta<\/strong> para el alquiler vacacional de lujo.<\/p>\n<p class=\"my-2 [&amp;+p]:mt-4 [&amp;_strong:has(+br)]:inline-block [&amp;_strong:has(+br)]:pb-2\"><strong>Ventajas:<\/strong> clima ideal, animada vida local, mercados y restaurantes en plena efervescencia, aguas cristalinas para el buceo y el snorkel.<\/p>\n<p class=\"my-2 [&amp;+p]:mt-4 [&amp;_strong:has(+br)]:inline-block [&amp;_strong:has(+br)]:pb-2\"><strong>Inconvenientes:<\/strong> las villas m\u00e1s cotizadas suelen estar completas, tarifas al m\u00e1ximo, mayor afluencia tur\u00edstica en los lugares m\u00e1s populares.<\/p>\n<p class=\"my-2 [&amp;+p]:mt-4 [&amp;_strong:has(+br)]:inline-block [&amp;_strong:has(+br)]:pb-2\"><strong>Consejo de IBA\u00cfA:<\/strong> reserve con 6 a 12 meses de antelaci\u00f3n para la temporada alta. Las mejores villas se agotan nada m\u00e1s abrirse el calendario.<\/p>\n<h2 id=\"lhivernage--la-saison-humide-juillet--novembre\" class=\"mb-2 mt-4 [.has-inline-images_&amp;]:clear-end font-editorial font-bold text-base first:mt-0\">La temporada h\u00fameda (de julio a noviembre)<\/h2>\n<p class=\"my-2 [&amp;+p]:mt-4 [&amp;_strong:has(+br)]:inline-block [&amp;_strong:has(+br)]:pb-2\">La <strong>temporada<\/strong> <strong>de lluvias<\/strong> es la temporada de ciclones. Aunque los ciclones rara vez afectan directamente a las islas (y menos a\u00fan a las Antillas francesas, menos expuestas), el periodo de julio a octubre puede registrar episodios de lluvias intensas, cielos nublados y mar agitado. Septiembre y octubre son, estad\u00edsticamente, los meses de mayor riesgo.<\/p>\n<p class=\"my-2 [&amp;+p]:mt-4 [&amp;_strong:has(+br)]:inline-block [&amp;_strong:has(+br)]:pb-2\"><strong>Ventajas:<\/strong> tarifas muy atractivas (entre un 30 % y un 50 % m\u00e1s baratas que en temporada alta), pocos turistas, vegetaci\u00f3n absolutamente exuberante, luz tropical espectacular, acogida local m\u00e1s relajada.<\/p>\n<p class=\"my-2 [&amp;+p]:mt-4 [&amp;_strong:has(+br)]:inline-block [&amp;_strong:has(+br)]:pb-2\"><strong>Inconvenientes:<\/strong> tiempo impredecible, riesgo de perturbaciones tropicales, algunos proveedores reducen su actividad, algunas villas cierran en agosto-septiembre.<\/p>\n<p class=\"my-2 [&amp;+p]:mt-4 [&amp;_strong:has(+br)]:inline-block [&amp;_strong:has(+br)]:pb-2\"><strong>Consejo de IBA\u00cfA:<\/strong> si opta por viajar en invierno, elija junio, noviembre o principios de diciembre. Evite septiembre y octubre si busca una estancia de lujo.<\/p>\n<hr class=\"bg-quiet h-px border-0\" \/>\n<h2 id=\"calendrier-mois-par-mois--notre-recommandation\" class=\"mb-2 mt-4 [.has-inline-images_&amp;]:clear-end font-editorial font-bold text-lg first:mt-0 md:text-lg [hr+&amp;]:mt-4\">Calendario mes a mes: nuestra recomendaci\u00f3n<\/h2>\n<div class=\"group relative my-[1em]\">\n<div class=\"w-full overflow-auto rounded-lg md:max-w-[90vw] border-subtlest ring-subtlest divide-subtlest bg-raised\">\n<table class=\"my-0 w-full table-auto border-separate border-spacing-0 text-sm font-sans rounded-lg border-x border-t border-subtle [&amp;_tr:last-child_td:first-child]:rounded-bl-lg [&amp;_tr:last-child_td:last-child]:rounded-br-lg\">\n<thead class=\"\">\n<tr>\n<th class=\"border-subtle p-sm break-normal border-b text-left align-bottom border-r last:border-r-0 font-bold bg-subtle last:border-radius-tr-lg first:border-radius-tl-lg\">Mes<\/th>\n<th class=\"border-subtle p-sm break-normal border-b text-left align-bottom border-r last:border-r-0 font-bold bg-subtle last:border-radius-tr-lg first:border-radius-tl-lg\">Temporada<\/th>\n<th class=\"border-subtle p-sm break-normal border-b text-left align-bottom border-r last:border-r-0 font-bold bg-subtle last:border-radius-tr-lg first:border-radius-tl-lg\">Clima<\/th>\n<th class=\"border-subtle p-sm break-normal border-b text-left align-bottom border-r last:border-r-0 font-bold bg-subtle last:border-radius-tr-lg first:border-radius-tl-lg\">Tarifas<\/th>\n<th class=\"border-subtle p-sm break-normal border-b text-left align-bottom border-r last:border-r-0 font-bold bg-subtle last:border-radius-tr-lg first:border-radius-tl-lg\">Nuestra opini\u00f3n<\/th>\n<\/tr>\n<\/thead>\n<tbody>\n<tr>\n<td class=\"px-sm border-subtle min-w-[48px] break-normal border-b border-r last:border-r-0 \"><strong>Enero<\/strong><\/td>\n<td class=\"px-sm border-subtle min-w-[48px] break-normal border-b border-r last:border-r-0 \">Cuaresma<\/td>\n<td class=\"px-sm border-subtle min-w-[48px] break-normal border-b border-r last:border-r-0 \">\u2b50\u2b50\u2b50\u2b50\u2b50<\/td>\n<td class=\"px-sm border-subtle min-w-[48px] break-normal border-b border-r last:border-r-0 \">$$$$$<\/td>\n<td class=\"px-sm border-subtle min-w-[48px] break-normal border-b border-r last:border-r-0 \">Excelente, reserve pronto<\/td>\n<\/tr>\n<tr>\n<td class=\"px-sm border-subtle min-w-[48px] break-normal border-b border-r last:border-r-0 \"><strong>Febrero<\/strong><\/td>\n<td class=\"px-sm border-subtle min-w-[48px] break-normal border-b border-r last:border-r-0 \">Cuaresma<\/td>\n<td class=\"px-sm border-subtle min-w-[48px] break-normal border-b border-r last:border-r-0 \">\u2b50\u2b50\u2b50\u2b50\u2b50<\/td>\n<td class=\"px-sm border-subtle min-w-[48px] break-normal border-b border-r last:border-r-0 \">$$$$$<\/td>\n<td class=\"px-sm border-subtle min-w-[48px] break-normal border-b border-r last:border-r-0 \">El mejor mes<\/td>\n<\/tr>\n<tr>\n<td class=\"px-sm border-subtle min-w-[48px] break-normal border-b border-r last:border-r-0 \"><strong>Marzo<\/strong><\/td>\n<td class=\"px-sm border-subtle min-w-[48px] break-normal border-b border-r last:border-r-0 \">Cuaresma<\/td>\n<td class=\"px-sm border-subtle min-w-[48px] break-normal border-b border-r last:border-r-0 \">\u2b50\u2b50\u2b50\u2b50\u2b50<\/td>\n<td class=\"px-sm border-subtle min-w-[48px] break-normal border-b border-r last:border-r-0 \">$$$$<\/td>\n<td class=\"px-sm border-subtle min-w-[48px] break-normal border-b border-r last:border-r-0 \">Ideal, todav\u00eda disponible<\/td>\n<\/tr>\n<tr>\n<td class=\"px-sm border-subtle min-w-[48px] break-normal border-b border-r last:border-r-0 \"><strong>Abril<\/strong><\/td>\n<td class=\"px-sm border-subtle min-w-[48px] break-normal border-b border-r last:border-r-0 \">Fin de Cuaresma<\/td>\n<td class=\"px-sm border-subtle min-w-[48px] break-normal border-b border-r last:border-r-0 \">\u2b50\u2b50\u2b50\u2b50<\/td>\n<td class=\"px-sm border-subtle min-w-[48px] break-normal border-b border-r last:border-r-0 \">$$$$<\/td>\n<td class=\"px-sm border-subtle min-w-[48px] break-normal border-b border-r last:border-r-0 \">Muy bien, m\u00e1s barato<\/td>\n<\/tr>\n<tr>\n<td class=\"px-sm border-subtle min-w-[48px] break-normal border-b border-r last:border-r-0 \"><strong>Mayo<\/strong><\/td>\n<td class=\"px-sm border-subtle min-w-[48px] break-normal border-b border-r last:border-r-0 \">Transici\u00f3n<\/td>\n<td class=\"px-sm border-subtle min-w-[48px] break-normal border-b border-r last:border-r-0 \">\u2b50\u2b50\u2b50\u2b50<\/td>\n<td class=\"px-sm border-subtle min-w-[48px] break-normal border-b border-r last:border-r-0 \">$$$<\/td>\n<td class=\"px-sm border-subtle min-w-[48px] break-normal border-b border-r last:border-r-0 \">Excelente relaci\u00f3n calidad-precio<\/td>\n<\/tr>\n<tr>\n<td class=\"px-sm border-subtle min-w-[48px] break-normal border-b border-r last:border-r-0 \"><strong>Junio<\/strong><\/td>\n<td class=\"px-sm border-subtle min-w-[48px] break-normal border-b border-r last:border-r-0 \">Inicio del invierno<\/td>\n<td class=\"px-sm border-subtle min-w-[48px] break-normal border-b border-r last:border-r-0 \">\u2b50\u2b50\u2b50<\/td>\n<td class=\"px-sm border-subtle min-w-[48px] break-normal border-b border-r last:border-r-0 \">$$$<\/td>\n<td class=\"px-sm border-subtle min-w-[48px] break-normal border-b border-r last:border-r-0 \">Correcto, algunas lluvias<\/td>\n<\/tr>\n<tr>\n<td class=\"px-sm border-subtle min-w-[48px] break-normal border-b border-r last:border-r-0 \"><strong>Julio<\/strong><\/td>\n<td class=\"px-sm border-subtle min-w-[48px] break-normal border-b border-r last:border-r-0 \">Temporada de lluvias<\/td>\n<td class=\"px-sm border-subtle min-w-[48px] break-normal border-b border-r last:border-r-0 \">\u2b50\u2b50\u2b50<\/td>\n<td class=\"px-sm border-subtle min-w-[48px] break-normal border-b border-r last:border-r-0 \">$$<\/td>\n<td class=\"px-sm border-subtle min-w-[48px] break-normal border-b border-r last:border-r-0 \">Buena opci\u00f3n si se es flexible<\/td>\n<\/tr>\n<tr>\n<td class=\"px-sm border-subtle min-w-[48px] break-normal border-b border-r last:border-r-0 \"><strong>Agosto<\/strong><\/td>\n<td class=\"px-sm border-subtle min-w-[48px] break-normal border-b border-r last:border-r-0 \">Temporada de lluvias<\/td>\n<td class=\"px-sm border-subtle min-w-[48px] break-normal border-b border-r last:border-r-0 \">\u2b50\u2b50<\/td>\n<td class=\"px-sm border-subtle min-w-[48px] break-normal border-b border-r last:border-r-0 \">$$<\/td>\n<td class=\"px-sm border-subtle min-w-[48px] break-normal border-b border-r last:border-r-0 \">Riesgo creciente de ciclones<\/td>\n<\/tr>\n<tr>\n<td class=\"px-sm border-subtle min-w-[48px] break-normal border-b border-r last:border-r-0 \"><strong>Septiembre<\/strong><\/td>\n<td class=\"px-sm border-subtle min-w-[48px] break-normal border-b border-r last:border-r-0 \">Pico de ciclones<\/td>\n<td class=\"px-sm border-subtle min-w-[48px] break-normal border-b border-r last:border-r-0 \">\u2b50<\/td>\n<td class=\"px-sm border-subtle min-w-[48px] break-normal border-b border-r last:border-r-0 \">$<\/td>\n<td class=\"px-sm border-subtle min-w-[48px] break-normal border-b border-r last:border-r-0 \">No recomendado<\/td>\n<\/tr>\n<tr>\n<td class=\"px-sm border-subtle min-w-[48px] break-normal border-b border-r last:border-r-0 \"><strong>Octubre<\/strong><\/td>\n<td class=\"px-sm border-subtle min-w-[48px] break-normal border-b border-r last:border-r-0 \">Temporada de lluvias<\/td>\n<td class=\"px-sm border-subtle min-w-[48px] break-normal border-b border-r last:border-r-0 \">\u2b50\u2b50<\/td>\n<td class=\"px-sm border-subtle min-w-[48px] break-normal border-b border-r last:border-r-0 \">$<\/td>\n<td class=\"px-sm border-subtle min-w-[48px] break-normal border-b border-r last:border-r-0 \">Sigue siendo arriesgado<\/td>\n<\/tr>\n<tr>\n<td class=\"px-sm border-subtle min-w-[48px] break-normal border-b border-r last:border-r-0 \"><strong>Noviembre<\/strong><\/td>\n<td class=\"px-sm border-subtle min-w-[48px] break-normal border-b border-r last:border-r-0 \">Fin de la temporada de lluvias<\/td>\n<td class=\"px-sm border-subtle min-w-[48px] break-normal border-b border-r last:border-r-0 \">\u2b50\u2b50\u2b50<\/td>\n<td class=\"px-sm border-subtle min-w-[48px] break-normal border-b border-r last:border-r-0 \">$$$<\/td>\n<td class=\"px-sm border-subtle min-w-[48px] break-normal border-b border-r last:border-r-0 \">Buena opci\u00f3n, vegetaci\u00f3n espl\u00e9ndida<\/td>\n<\/tr>\n<tr>\n<td class=\"px-sm border-subtle min-w-[48px] break-normal border-b border-r last:border-r-0 \"><strong>Diciembre<\/strong><\/td>\n<td class=\"px-sm border-subtle min-w-[48px] break-normal border-b border-r last:border-r-0 \">Inicio de la Cuaresma<\/td>\n<td class=\"px-sm border-subtle min-w-[48px] break-normal border-b border-r last:border-r-0 \">\u2b50\u2b50\u2b50\u2b50\u2b50<\/td>\n<td class=\"px-sm border-subtle min-w-[48px] break-normal border-b border-r last:border-r-0 \">$$$$$<\/td>\n<td class=\"px-sm border-subtle min-w-[48px] break-normal border-b border-r last:border-r-0 \">Navidad = temporada alta<\/td>\n<\/tr>\n<\/tbody>\n<\/table>\n<\/div>\n<div class=\"bg-base border-subtle shadow-subtle pointer-coarse:opacity-100 right-xs absolute bottom-xs flex rounded-md border opacity-0 transition-opacity group-hover:opacity-100 [&amp;&gt;*:not(:first-child)]:border-subtle [&amp;&gt;*:not(:first-child)]:border-l\">\n<div class=\"flex transition-opacity opacity-100\">\u00a0<\/div>\n<div class=\"flex\">\u00a0<\/div>\n<div class=\"flex\">\u00a0<\/div>\n<\/div>\n<\/div>\n<hr class=\"bg-quiet h-px border-0\" \/>\n<h2 id=\"les-vnements-incontournables-selon-la-priode\" class=\"mb-2 mt-4 [.has-inline-images_&amp;]:clear-end font-editorial font-bold text-lg first:mt-0 md:text-lg [hr+&amp;]:mt-4\">Eventos imprescindibles seg\u00fan la \u00e9poca<\/h2>\n<p class=\"my-2 [&amp;+p]:mt-4 [&amp;_strong:has(+br)]:inline-block [&amp;_strong:has(+br)]:pb-2\">Hay fechas que marcan no solo el clima, sino tambi\u00e9n la agenda cultural y festiva de las islas:<\/p>\n<h2 id=\"dcembre--janvier--nol-et-nouvel-an-croles\" class=\"mb-2 mt-4 [.has-inline-images_&amp;]:clear-end font-editorial font-bold text-base first:mt-0\">Diciembre \u2013 Enero: Navidad y A\u00f1o Nuevo criollos<\/h2>\n<p class=\"my-2 [&amp;+p]:mt-4 [&amp;_strong:has(+br)]:inline-block [&amp;_strong:has(+br)]:pb-2\">Las fiestas de fin de a\u00f1o en las Antillas son una experiencia \u00fanica. Los mercadillos navide\u00f1os, los conciertos de gwoka en Guadalupe, los belenes vivientes en los pueblos de Martinica, los fuegos artificiales sobre el mar: un ambiente \u00fanico. Las villas de lujo se reservan a precios desorbitados durante estas semanas, pero la experiencia vale cada c\u00e9ntimo.<\/p>\n<h2 id=\"fvrier--mars--le-carnaval\" class=\"mb-2 mt-4 [.has-inline-images_&amp;]:clear-end font-editorial font-bold text-base first:mt-0\">Febrero \u2013 Marzo: el Carnaval<\/h2>\n<p class=\"my-2 [&amp;+p]:mt-4 [&amp;_strong:has(+br)]:inline-block [&amp;_strong:has(+br)]:pb-2\">El <strong>Carnaval de Martinica<\/strong> es uno de los m\u00e1s grandes y aut\u00e9nticos del Caribe. Cuatro d\u00edas de desfiles, m\u00fasica y trajes extravagantes: una inmersi\u00f3n total en la cultura criolla. En Guadalupe, el carnaval de Pointe-\u00e0-Pitre es igual de festivo. Ideal para los viajeros curiosos por la cultura.<\/p>\n<h2 id=\"juillet--la-fte-du-rhum-en-martinique\" class=\"mb-2 mt-4 [.has-inline-images_&amp;]:clear-end font-editorial font-bold text-base first:mt-0\">Julio: la Fiesta del Ron en Martinica<\/h2>\n<p class=\"my-2 [&amp;+p]:mt-4 [&amp;_strong:has(+br)]:inline-block [&amp;_strong:has(+br)]:pb-2\">Catas, visitas a destiler\u00edas, eventos exclusivos en torno al ron agr\u00edcola AOC de Martinica. Una \u00e9poca perfecta para los amantes de la gastronom\u00eda y el arte de vivir criollo.<\/p>\n<h2 id=\"aot--la-fte-des-cuisinires-en-guadeloupe\" class=\"mb-2 mt-4 [.has-inline-images_&amp;]:clear-end font-editorial font-bold text-base first:mt-0\">Agosto: la Fiesta de las Cocineras en Guadalupe<\/h2>\n<p class=\"my-2 [&amp;+p]:mt-4 [&amp;_strong:has(+br)]:inline-block [&amp;_strong:has(+br)]:pb-2\">En Pointe-\u00e0-Pitre, la <strong>Fiesta de las Cocineras<\/strong> es un evento \u00fanico: las mujeres de la isla desfilan con trajes tradicionales y sus platos cocinados, bendicen sus utensilios en la iglesia y luego organizan un gran banquete criollo p\u00fablico. Un momento de aut\u00e9ntica vida local.<\/p>\n<hr class=\"bg-quiet h-px border-0\" \/>\n<h2 id=\"combien-de-temps-sjourner-en-villa-prestige-aux-an\" class=\"mb-2 mt-4 [.has-inline-images_&amp;]:clear-end font-editorial font-bold text-lg first:mt-0 md:text-lg [hr+&amp;]:mt-4\">\u00bfCu\u00e1nto tiempo alojarse en una villa de lujo en las Antillas?<\/h2>\n<p class=\"my-2 [&amp;+p]:mt-4 [&amp;_strong:has(+br)]:inline-block [&amp;_strong:has(+br)]:pb-2\"><strong>1 semana:<\/strong> el m\u00ednimo para una villa de lujo. Suficiente para una isla, insuficiente para descubrir varias. Ideal para parejas en una escapada rom\u00e1ntica a Martinica o Guadalupe.<\/p>\n<p class=\"my-2 [&amp;+p]:mt-4 [&amp;_strong:has(+br)]:inline-block [&amp;_strong:has(+br)]:pb-2\"><strong>2 semanas:<\/strong> la duraci\u00f3n ideal. Permite explorar una isla a fondo Y hacer una escapada en catamar\u00e1n a una isla vecina, o combinar dos destinos (por ejemplo: Martinica + Guadalupe).<\/p>\n<p class=\"my-2 [&amp;+p]:mt-4 [&amp;_strong:has(+br)]:inline-block [&amp;_strong:has(+br)]:pb-2\"><strong>3 semanas o m\u00e1s:<\/strong> para los viajeros que realmente desean sumergirse en la experiencia. Es posible recorrer 3 o 4 islas con traslados entre islas organizados por IBA\u00cfA.<\/p>\n<hr class=\"bg-quiet h-px border-0\" \/>\n<h2 id=\"nos-conseils-pratiques-avant-de-partir\" class=\"mb-2 mt-4 [.has-inline-images_&amp;]:clear-end font-editorial font-bold text-lg first:mt-0 md:text-lg [hr+&amp;]:mt-4\">Nuestros consejos pr\u00e1cticos antes de partir<\/h2>\n<ul class=\"marker:text-quiet list-disc\">\n<li class=\"py-0 my-0 prose-p:pt-0 prose-p:mb-2 prose-p:my-0 [&amp;&gt;p]:pt-0 [&amp;&gt;p]:mb-2 [&amp;&gt;p]:my-0\">\n<p class=\"my-2 [&amp;+p]:mt-4 [&amp;_strong:has(+br)]:inline-block [&amp;_strong:has(+br)]:pb-2\"><strong>Documentaci\u00f3n:<\/strong> basta con el DNI franc\u00e9s o el pasaporte de la UE (departamentos de ultramar franceses). Se requiere pasaporte para San Bartolom\u00e9 (colectividad) y San Mart\u00edn.<\/p>\n<\/li>\n<li class=\"py-0 my-0 prose-p:pt-0 prose-p:mb-2 prose-p:my-0 [&amp;&gt;p]:pt-0 [&amp;&gt;p]:mb-2 [&amp;&gt;p]:my-0\">\n<p class=\"my-2 [&amp;+p]:mt-4 [&amp;_strong:has(+br)]:inline-block [&amp;_strong:has(+br)]:pb-2\"><strong>Salud:<\/strong> no hay vacunas obligatorias. Lleve repelente de mosquitos (riesgo de dengue en la temporada de lluvias). El agua del grifo es potable en Martinica y Guadalupe.<\/p>\n<\/li>\n<li class=\"py-0 my-0 prose-p:pt-0 prose-p:mb-2 prose-p:my-0 [&amp;&gt;p]:pt-0 [&amp;&gt;p]:mb-2 [&amp;&gt;p]:my-0\">\n<p class=\"my-2 [&amp;+p]:mt-4 [&amp;_strong:has(+br)]:inline-block [&amp;_strong:has(+br)]:pb-2\"><strong>Dinero:<\/strong> el euro se acepta en todas las Antillas francesas. No es necesario cambiar moneda.<\/p>\n<\/li>\n<li class=\"py-0 my-0 prose-p:pt-0 prose-p:mb-2 prose-p:my-0 [&amp;&gt;p]:pt-0 [&amp;&gt;p]:mb-2 [&amp;&gt;p]:my-0\">\n<p class=\"my-2 [&amp;+p]:mt-4 [&amp;_strong:has(+br)]:inline-block [&amp;_strong:has(+br)]:pb-2\"><strong>Diferencia horaria:<\/strong> UTC-4 todo el a\u00f1o. -5 h con respecto a Par\u00eds en verano, -6 h en invierno. Diferencia horaria m\u00ednima, ideal para estancias de negocios.<\/p>\n<\/li>\n<li class=\"py-0 my-0 prose-p:pt-0 prose-p:mb-2 prose-p:my-0 [&amp;&gt;p]:pt-0 [&amp;&gt;p]:mb-2 [&amp;&gt;p]:my-0\">\n<p class=\"my-2 [&amp;+p]:mt-4 [&amp;_strong:has(+br)]:inline-block [&amp;_strong:has(+br)]:pb-2\"><strong>Conducci\u00f3n:<\/strong> el permiso de conducir franc\u00e9s es v\u00e1lido. Se conduce por la derecha. Las carreteras son a veces estrechas en las zonas rurales; un 4&#215;4 puede resultar \u00fatil.<\/p>\n<\/li>\n<li class=\"py-0 my-0 prose-p:pt-0 prose-p:mb-2 prose-p:my-0 [&amp;&gt;p]:pt-0 [&amp;&gt;p]:mb-2 [&amp;&gt;p]:my-0\">\n<p class=\"my-2 [&amp;+p]:mt-4 [&amp;_strong:has(+br)]:inline-block [&amp;_strong:has(+br)]:pb-2\"><strong>Tel\u00e9fono:<\/strong> las tarifas europeas funcionan en las Antillas francesas (DOM). Roaming normal.<\/p>\n<\/li>\n<\/ul>\n<hr class=\"bg-quiet h-px border-0\" \/>\n<h2 id=\"faq--quand-partir-aux-antilles\" class=\"mb-2 mt-4 [.has-inline-images_&amp;]:clear-end font-editorial font-bold text-lg first:mt-0 md:text-lg [hr+&amp;]:mt-4\">Preguntas frecuentes: \u00bfCu\u00e1ndo viajar a las Antillas?<\/h2>\n<p class=\"my-2 [&amp;+p]:mt-4 [&amp;_strong:has(+br)]:inline-block [&amp;_strong:has(+br)]:pb-2\"><strong>\u00bfSe puede viajar a las Antillas en familia con ni\u00f1os peque\u00f1os?<\/strong><br \/>Por supuesto. Evite la temporada de lluvias (mosquitos, calor h\u00famedo, incertidumbre meteorol\u00f3gica). La Cuaresma, de enero a abril, es ideal con ni\u00f1os: mar en calma, sol constante, sin riesgo de ciclones.<\/p>\n<p class=\"my-2 [&amp;+p]:mt-4 [&amp;_strong:has(+br)]:inline-block [&amp;_strong:has(+br)]:pb-2\"><strong>\u00bfTienen Martinica y Guadalupe el mismo calendario clim\u00e1tico?<\/strong><br \/>En general s\u00ed, con ligeras variaciones. Guadalupe, m\u00e1s al norte, es a veces ligeramente m\u00e1s fresca en invierno. La Basse-Terre (Guadalupe) recibe m\u00e1s lluvia que la Grande-Terre durante todo el a\u00f1o debido a su relieve volc\u00e1nico.<\/p>\n<p class=\"my-2 [&amp;+p]:mt-4 [&amp;_strong:has(+br)]:inline-block [&amp;_strong:has(+br)]:pb-2\"><strong>\u00bfEs necesario contratar un seguro de cancelaci\u00f3n para el alquiler de una villa de lujo en las Antillas?<\/strong><br \/>Lo recomendamos encarecidamente, especialmente para estancias en invierno o durante las semanas festivas, cuando las tarifas son elevadas. Nuestro equipo puede orientarle hacia seguros de viaje especializados.<\/p>\n<blockquote>\n<p class=\"my-2 [&amp;+p]:mt-4 [&amp;_strong:has(+br)]:inline-block [&amp;_strong:has(+br)]:pb-2\">\ud83d\udd17 <strong>Ver tambi\u00e9n:<\/strong> <span class=\"text-box-trim-both\">Alquiler de temporada de lujo en las Antillas<\/span> | <span class=\"text-box-trim-both\">Villas de lujo en Saint-Barth y Saint-Martin<\/span> | <span class=\"text-box-trim-both\">Actividades de lujo en las Antillas<\/span><\/p>\n<\/blockquote>\n\n\n<p><\/p>\n","protected":false},"excerpt":{"rendered":"<p>La cuesti\u00f3n del momento adecuado es una de las m\u00e1s importantes a la hora de planificar un alquiler vacacional de lujo en las Antillas. Elegir la \u00e9poca adecuada no solo garantiza un clima ideal, sino que tambi\u00e9n permite acceder a la mejor oferta de villas, negociar las mejores tarifas y disfrutar al m\u00e1ximo de la [&hellip;]<\/p>\n","protected":false},"author":8,"featured_media":0,"comment_status":"closed","ping_status":"closed","sticky":false,"template":"","format":"standard","meta":{"footnotes":""},"categories":[1947],"tags":[],"class_list":["post-9713","post","type-post","status-publish","format-standard","hentry","category-consejo-es"],"_links":{"self":[{"href":"https:\/\/blog.ibaia-immobilier.com\/es\/wp-json\/wp\/v2\/posts\/9713","targetHints":{"allow":["GET"]}}],"collection":[{"href":"https:\/\/blog.ibaia-immobilier.com\/es\/wp-json\/wp\/v2\/posts"}],"about":[{"href":"https:\/\/blog.ibaia-immobilier.com\/es\/wp-json\/wp\/v2\/types\/post"}],"author":[{"embeddable":true,"href":"https:\/\/blog.ibaia-immobilier.com\/es\/wp-json\/wp\/v2\/users\/8"}],"replies":[{"embeddable":true,"href":"https:\/\/blog.ibaia-immobilier.com\/es\/wp-json\/wp\/v2\/comments?post=9713"}],"version-history":[{"count":0,"href":"https:\/\/blog.ibaia-immobilier.com\/es\/wp-json\/wp\/v2\/posts\/9713\/revisions"}],"wp:attachment":[{"href":"https:\/\/blog.ibaia-immobilier.com\/es\/wp-json\/wp\/v2\/media?parent=9713"}],"wp:term":[{"taxonomy":"category","embeddable":true,"href":"https:\/\/blog.ibaia-immobilier.com\/es\/wp-json\/wp\/v2\/categories?post=9713"},{"taxonomy":"post_tag","embeddable":true,"href":"https:\/\/blog.ibaia-immobilier.com\/es\/wp-json\/wp\/v2\/tags?post=9713"}],"curies":[{"name":"wp","href":"https:\/\/api.w.org\/{rel}","templated":true}]}}